
			
				

					
				

			
		{"items":"\n\t\t\t\t\t\t\t\t\t\t\t\n<article id=\"post-15727\" class=\"wd-post blog-design-chess blog-post-loop blog-design-small-images blog-style-bg wd-add-shadow wd-col post-15727 post type-post status-publish format-standard has-post-thumbnail hentry category-noticias\">\n\t<div class=\"article-inner\">\n\t\t\t\t\t<header class=\"entry-header\">\n\t\t\t\t\t\t\t\t\t<figure id=\"carousel-659\" class=\"entry-thumbnail\">\n\t\t\t\t\t\t\n\t\t\t\t\t\t\t<div class=\"post-img-wrapp\">\n\t\t\t\t\t\t\t\t<a href=\"https:\/\/www.amanecer.org.co\/2026\/03\/17\/exportaciones-agropecuarias-cafe-colombia\/\">\n\t\t\t\t\t\t\t\t\t<img width=\"2560\" height=\"1709\" src=\"https:\/\/www.amanecer.org.co\/wp-content\/uploads\/2026\/03\/DSC_4629.JPG-scaled.jpeg\" class=\"attachment-large size-large\" alt=\"\" decoding=\"async\" srcset=\"https:\/\/www.amanecer.org.co\/wp-content\/uploads\/2026\/03\/DSC_4629.JPG-scaled.jpeg 2560w, https:\/\/www.amanecer.org.co\/wp-content\/uploads\/2026\/03\/DSC_4629.JPG-768x513.jpeg 768w, https:\/\/www.amanecer.org.co\/wp-content\/uploads\/2026\/03\/DSC_4629.JPG-1536x1025.jpeg 1536w, https:\/\/www.amanecer.org.co\/wp-content\/uploads\/2026\/03\/DSC_4629.JPG-2048x1367.jpeg 2048w, https:\/\/www.amanecer.org.co\/wp-content\/uploads\/2026\/03\/DSC_4629.JPG-scaled-300x200.jpeg 300w\" sizes=\"(max-width: 2560px) 100vw, 2560px\" \/>\t\t\t\t\t\t\t\t<\/a>\n\t\t\t\t\t\t\t<\/div>\n\t\t\t\t\t\t\t<div class=\"post-image-mask\">\n\t\t\t\t\t\t\t\t<span><\/span>\n\t\t\t\t\t\t\t<\/div>\n\n\t\t\t\t\t\t\n\t\t\t\t\t<\/figure>\n\t\t\t\t\n\t\t\t\t\t\t\t\t\t\t\t\t<div class=\"post-date wd-post-date wd-style-with-bg\">\n\t\t\t\t<span class=\"post-date-day\">\n\t\t\t\t\t17\t\t\t\t<\/span>\n\t\t\t\t<span class=\"post-date-month\">\n\t\t\t\t\tMar\t\t\t\t<\/span>\n\t\t\t<\/div>\n\t\t\t\t\t\t\n\t\t\t<\/header><!-- .entry-header -->\n\n\t\t<div class=\"article-body-container\">\n\t\t\t\n\t\t\t\t\n\t\t\t\t\t\t\t\t\t<h3 class=\"wd-entities-title title post-title\">\n\t\t\t\t\t\t<a href=\"https:\/\/www.amanecer.org.co\/2026\/03\/17\/exportaciones-agropecuarias-cafe-colombia\/\" rel=\"bookmark\">Exportaciones agropecuarias en alza: el caf\u00e9 vuelve a marcar el ritmo<\/a>\n\t\t\t\t\t<\/h3>\n\t\t\t\t\n\t\t\t\t\t\t\t\n\t\t\t\t\t\t\t\n\t\t\t\t                    <div class=\"entry-content wd-entry-content\">\n\t\t\t\t\t\t\nLas exportaciones agropecuarias de Colombia est\u00e1n mostrando se\u00f1ales claras de recuperaci\u00f3n. En medio de un contexto ec...\n\t\t\t\t\t\t\t\t\t\t\t<\/div><!-- .entry-content -->\n\t\t\t\t\n\t\t\t\t\t\t\t\n\t\t\t\n\t\t\t\t\t<\/div>\n\t<\/div>\n<\/article><!-- #post -->\n\n\n\t\t\t\t\t\t\t\t\t\t\t\n<article id=\"post-15793\" class=\"wd-post blog-design-chess blog-post-loop blog-design-small-images blog-style-bg wd-add-shadow wd-col post-15793 post type-post status-publish format-standard has-post-thumbnail hentry category-noticias\">\n\t<div class=\"article-inner\">\n\t\t\t\t\t<header class=\"entry-header\">\n\t\t\t\t\t\t\t\t\t<figure id=\"carousel-111\" class=\"entry-thumbnail\">\n\t\t\t\t\t\t\n\t\t\t\t\t\t\t<div class=\"post-img-wrapp\">\n\t\t\t\t\t\t\t\t<a href=\"https:\/\/www.amanecer.org.co\/2026\/03\/13\/dia-de-la-mujer-fundacion-amanecer-bienestar-colaboradoras\/\">\n\t\t\t\t\t\t\t\t\t<img width=\"2560\" height=\"1707\" src=\"https:\/\/www.amanecer.org.co\/wp-content\/uploads\/2026\/03\/DSC9199-scaled.jpg\" class=\"attachment-large size-large\" alt=\"\" decoding=\"async\" srcset=\"https:\/\/www.amanecer.org.co\/wp-content\/uploads\/2026\/03\/DSC9199-scaled.jpg 2560w, https:\/\/www.amanecer.org.co\/wp-content\/uploads\/2026\/03\/DSC9199-768x512.jpg 768w, https:\/\/www.amanecer.org.co\/wp-content\/uploads\/2026\/03\/DSC9199-1536x1024.jpg 1536w, https:\/\/www.amanecer.org.co\/wp-content\/uploads\/2026\/03\/DSC9199-2048x1365.jpg 2048w, https:\/\/www.amanecer.org.co\/wp-content\/uploads\/2026\/03\/DSC9199-scaled-300x200.jpg 300w\" sizes=\"(max-width: 2560px) 100vw, 2560px\" \/>\t\t\t\t\t\t\t\t<\/a>\n\t\t\t\t\t\t\t<\/div>\n\t\t\t\t\t\t\t<div class=\"post-image-mask\">\n\t\t\t\t\t\t\t\t<span><\/span>\n\t\t\t\t\t\t\t<\/div>\n\n\t\t\t\t\t\t\n\t\t\t\t\t<\/figure>\n\t\t\t\t\n\t\t\t\t\t\t\t\t\t\t\t\t<div class=\"post-date wd-post-date wd-style-with-bg\">\n\t\t\t\t<span class=\"post-date-day\">\n\t\t\t\t\t13\t\t\t\t<\/span>\n\t\t\t\t<span class=\"post-date-month\">\n\t\t\t\t\tMar\t\t\t\t<\/span>\n\t\t\t<\/div>\n\t\t\t\t\t\t\n\t\t\t<\/header><!-- .entry-header -->\n\n\t\t<div class=\"article-body-container\">\n\t\t\t\n\t\t\t\t\n\t\t\t\t\t\t\t\t\t<h3 class=\"wd-entities-title title post-title\">\n\t\t\t\t\t\t<a href=\"https:\/\/www.amanecer.org.co\/2026\/03\/13\/dia-de-la-mujer-fundacion-amanecer-bienestar-colaboradoras\/\" rel=\"bookmark\">Celebramos el D\u00eda de la Mujer reconociendo su valor y fortaleza<\/a>\n\t\t\t\t\t<\/h3>\n\t\t\t\t\n\t\t\t\t\t\t\t\n\t\t\t\t\t\t\t\n\t\t\t\t                    <div class=\"entry-content wd-entry-content\">\n\t\t\t\t\t\t\nEn la Fundaci\u00f3n Amanecer reconocemos la importancia de generar espacios que nos recargan, nos conectan y nos permiten ...\n\t\t\t\t\t\t\t\t\t\t\t<\/div><!-- .entry-content -->\n\t\t\t\t\n\t\t\t\t\t\t\t\n\t\t\t\n\t\t\t\t\t<\/div>\n\t<\/div>\n<\/article><!-- #post -->\n\n\n\t\t\t\t\t\t\t\t\t\t\t\n<article id=\"post-15689\" class=\"wd-post blog-design-chess blog-post-loop blog-design-small-images blog-style-bg wd-add-shadow wd-col post-15689 post type-post status-publish format-standard has-post-thumbnail hentry category-noticias\">\n\t<div class=\"article-inner\">\n\t\t\t\t\t<header class=\"entry-header\">\n\t\t\t\t\t\t\t\t\t<figure id=\"carousel-533\" class=\"entry-thumbnail\">\n\t\t\t\t\t\t\n\t\t\t\t\t\t\t<div class=\"post-img-wrapp\">\n\t\t\t\t\t\t\t\t<a href=\"https:\/\/www.amanecer.org.co\/2026\/03\/13\/mujeres-del-campo-fundacion-amanecer-conmemora-dia-de-la-mujer\/\">\n\t\t\t\t\t\t\t\t\t<img width=\"1600\" height=\"1069\" src=\"https:\/\/www.amanecer.org.co\/wp-content\/uploads\/2026\/03\/WhatsApp-Image-2026-03-12-at-4.19.35-PM-5.jpeg\" class=\"attachment-large size-large\" alt=\"\" decoding=\"async\" srcset=\"https:\/\/www.amanecer.org.co\/wp-content\/uploads\/2026\/03\/WhatsApp-Image-2026-03-12-at-4.19.35-PM-5.jpeg 1600w, https:\/\/www.amanecer.org.co\/wp-content\/uploads\/2026\/03\/WhatsApp-Image-2026-03-12-at-4.19.35-PM-5-768x513.jpeg 768w, https:\/\/www.amanecer.org.co\/wp-content\/uploads\/2026\/03\/WhatsApp-Image-2026-03-12-at-4.19.35-PM-5-1536x1026.jpeg 1536w, https:\/\/www.amanecer.org.co\/wp-content\/uploads\/2026\/03\/WhatsApp-Image-2026-03-12-at-4.19.35-PM-5-300x200.jpeg 300w\" sizes=\"(max-width: 1600px) 100vw, 1600px\" \/>\t\t\t\t\t\t\t\t<\/a>\n\t\t\t\t\t\t\t<\/div>\n\t\t\t\t\t\t\t<div class=\"post-image-mask\">\n\t\t\t\t\t\t\t\t<span><\/span>\n\t\t\t\t\t\t\t<\/div>\n\n\t\t\t\t\t\t\n\t\t\t\t\t<\/figure>\n\t\t\t\t\n\t\t\t\t\t\t\t\t\t\t\t\t<div class=\"post-date wd-post-date wd-style-with-bg\">\n\t\t\t\t<span class=\"post-date-day\">\n\t\t\t\t\t13\t\t\t\t<\/span>\n\t\t\t\t<span class=\"post-date-month\">\n\t\t\t\t\tMar\t\t\t\t<\/span>\n\t\t\t<\/div>\n\t\t\t\t\t\t\n\t\t\t<\/header><!-- .entry-header -->\n\n\t\t<div class=\"article-body-container\">\n\t\t\t\n\t\t\t\t\n\t\t\t\t\t\t\t\t\t<h3 class=\"wd-entities-title title post-title\">\n\t\t\t\t\t\t<a href=\"https:\/\/www.amanecer.org.co\/2026\/03\/13\/mujeres-del-campo-fundacion-amanecer-conmemora-dia-de-la-mujer\/\" rel=\"bookmark\">Mujeres que siembran futuro: Conmemoramos el D\u00eda de la Mujer junto a mujeres del campo<\/a>\n\t\t\t\t\t<\/h3>\n\t\t\t\t\n\t\t\t\t\t\t\t\n\t\t\t\t\t\t\t\n\t\t\t\t                    <div class=\"entry-content wd-entry-content\">\n\t\t\t\t\t\t\nEn el campo, cada semilla necesita cuidado, paciencia y dedicaci\u00f3n para crecer. Algo muy parecido ocurre con los proye...\n\t\t\t\t\t\t\t\t\t\t\t<\/div><!-- .entry-content -->\n\t\t\t\t\n\t\t\t\t\t\t\t\n\t\t\t\n\t\t\t\t\t<\/div>\n\t<\/div>\n<\/article><!-- #post -->\n\n\n\t\t\t\t\t\t\t\t\t\t\t\n<article id=\"post-15683\" class=\"wd-post blog-design-chess blog-post-loop blog-design-small-images blog-style-bg wd-add-shadow wd-col post-15683 post type-post status-publish format-standard has-post-thumbnail hentry category-noticias\">\n\t<div class=\"article-inner\">\n\t\t\t\t\t<header class=\"entry-header\">\n\t\t\t\t\t\t\t\t\t<figure id=\"carousel-242\" class=\"entry-thumbnail\">\n\t\t\t\t\t\t\n\t\t\t\t\t\t\t<div class=\"post-img-wrapp\">\n\t\t\t\t\t\t\t\t<a href=\"https:\/\/www.amanecer.org.co\/2026\/03\/12\/inteligencia-artificial-instituciones-publicas-territorio\/\">\n\t\t\t\t\t\t\t\t\t<img width=\"1280\" height=\"960\" src=\"https:\/\/www.amanecer.org.co\/wp-content\/uploads\/2026\/03\/WhatsApp-Image-2026-03-09-at-8.20.49-AM-1.jpeg\" class=\"attachment-large size-large\" alt=\"\" decoding=\"async\" srcset=\"https:\/\/www.amanecer.org.co\/wp-content\/uploads\/2026\/03\/WhatsApp-Image-2026-03-09-at-8.20.49-AM-1.jpeg 1280w, https:\/\/www.amanecer.org.co\/wp-content\/uploads\/2026\/03\/WhatsApp-Image-2026-03-09-at-8.20.49-AM-1-768x576.jpeg 768w\" sizes=\"(max-width: 1280px) 100vw, 1280px\" \/>\t\t\t\t\t\t\t\t<\/a>\n\t\t\t\t\t\t\t<\/div>\n\t\t\t\t\t\t\t<div class=\"post-image-mask\">\n\t\t\t\t\t\t\t\t<span><\/span>\n\t\t\t\t\t\t\t<\/div>\n\n\t\t\t\t\t\t\n\t\t\t\t\t<\/figure>\n\t\t\t\t\n\t\t\t\t\t\t\t\t\t\t\t\t<div class=\"post-date wd-post-date wd-style-with-bg\">\n\t\t\t\t<span class=\"post-date-day\">\n\t\t\t\t\t12\t\t\t\t<\/span>\n\t\t\t\t<span class=\"post-date-month\">\n\t\t\t\t\tMar\t\t\t\t<\/span>\n\t\t\t<\/div>\n\t\t\t\t\t\t\n\t\t\t<\/header><!-- .entry-header -->\n\n\t\t<div class=\"article-body-container\">\n\t\t\t\n\t\t\t\t\n\t\t\t\t\t\t\t\t\t<h3 class=\"wd-entities-title title post-title\">\n\t\t\t\t\t\t<a href=\"https:\/\/www.amanecer.org.co\/2026\/03\/12\/inteligencia-artificial-instituciones-publicas-territorio\/\" rel=\"bookmark\">Cuando la inteligencia artificial se encuentra con el trabajo por el territorio<\/a>\n\t\t\t\t\t<\/h3>\n\t\t\t\t\n\t\t\t\t\t\t\t\n\t\t\t\t\t\t\t\n\t\t\t\t                    <div class=\"entry-content wd-entry-content\">\n\t\t\t\t\t\t\nDurante estos d\u00edas, en la sede de Fundaci\u00f3n Amanecer en Yopal est\u00e1 pasando algo que no se ve todos los d\u00edas: servidore...\n\t\t\t\t\t\t\t\t\t\t\t<\/div><!-- .entry-content -->\n\t\t\t\t\n\t\t\t\t\t\t\t\n\t\t\t\n\t\t\t\t\t<\/div>\n\t<\/div>\n<\/article><!-- #post -->\n\n\n\t\t\t\t\t\t\t\t\t\t\t\n<article id=\"post-15679\" class=\"wd-post blog-design-chess blog-post-loop blog-design-small-images blog-style-bg wd-add-shadow wd-col post-15679 post type-post status-publish format-standard has-post-thumbnail hentry category-noticias\">\n\t<div class=\"article-inner\">\n\t\t\t\t\t<header class=\"entry-header\">\n\t\t\t\t\t\t\t\t\t<figure id=\"carousel-705\" class=\"entry-thumbnail\">\n\t\t\t\t\t\t\n\t\t\t\t\t\t\t<div class=\"post-img-wrapp\">\n\t\t\t\t\t\t\t\t<a href=\"https:\/\/www.amanecer.org.co\/2026\/03\/11\/inteligencia-artificial-agricultoras-campo\/\">\n\t\t\t\t\t\t\t\t\t<img width=\"1600\" height=\"1068\" src=\"https:\/\/www.amanecer.org.co\/wp-content\/uploads\/2026\/03\/WhatsApp-Image-2026-03-06-at-4.53.21-PM.jpeg\" class=\"attachment-large size-large\" alt=\"\" decoding=\"async\" srcset=\"https:\/\/www.amanecer.org.co\/wp-content\/uploads\/2026\/03\/WhatsApp-Image-2026-03-06-at-4.53.21-PM.jpeg 1600w, https:\/\/www.amanecer.org.co\/wp-content\/uploads\/2026\/03\/WhatsApp-Image-2026-03-06-at-4.53.21-PM-768x513.jpeg 768w, https:\/\/www.amanecer.org.co\/wp-content\/uploads\/2026\/03\/WhatsApp-Image-2026-03-06-at-4.53.21-PM-1536x1025.jpeg 1536w, https:\/\/www.amanecer.org.co\/wp-content\/uploads\/2026\/03\/WhatsApp-Image-2026-03-06-at-4.53.21-PM-300x200.jpeg 300w\" sizes=\"(max-width: 1600px) 100vw, 1600px\" \/>\t\t\t\t\t\t\t\t<\/a>\n\t\t\t\t\t\t\t<\/div>\n\t\t\t\t\t\t\t<div class=\"post-image-mask\">\n\t\t\t\t\t\t\t\t<span><\/span>\n\t\t\t\t\t\t\t<\/div>\n\n\t\t\t\t\t\t\n\t\t\t\t\t<\/figure>\n\t\t\t\t\n\t\t\t\t\t\t\t\t\t\t\t\t<div class=\"post-date wd-post-date wd-style-with-bg\">\n\t\t\t\t<span class=\"post-date-day\">\n\t\t\t\t\t11\t\t\t\t<\/span>\n\t\t\t\t<span class=\"post-date-month\">\n\t\t\t\t\tMar\t\t\t\t<\/span>\n\t\t\t<\/div>\n\t\t\t\t\t\t\n\t\t\t<\/header><!-- .entry-header -->\n\n\t\t<div class=\"article-body-container\">\n\t\t\t\n\t\t\t\t\n\t\t\t\t\t\t\t\t\t<h3 class=\"wd-entities-title title post-title\">\n\t\t\t\t\t\t<a href=\"https:\/\/www.amanecer.org.co\/2026\/03\/11\/inteligencia-artificial-agricultoras-campo\/\" rel=\"bookmark\">Inteligencia artificial y agricultoras: una oportunidad para reducir brechas en el campo<\/a>\n\t\t\t\t\t<\/h3>\n\t\t\t\t\n\t\t\t\t\t\t\t\n\t\t\t\t\t\t\t\n\t\t\t\t                    <div class=\"entry-content wd-entry-content\">\n\t\t\t\t\t\t\nLa agricultura siempre ha sido una actividad basada en decisiones. Cu\u00e1ndo sembrar. Qu\u00e9 variedad elegir. C\u00f3mo responder...\n\t\t\t\t\t\t\t\t\t\t\t<\/div><!-- .entry-content -->\n\t\t\t\t\n\t\t\t\t\t\t\t\n\t\t\t\n\t\t\t\t\t<\/div>\n\t<\/div>\n<\/article><!-- #post -->\n\n\n\t\t\t\t\t\t\t\t\t\t\t\n<article id=\"post-15652\" class=\"wd-post blog-design-chess blog-post-loop blog-design-small-images blog-style-bg wd-add-shadow wd-col post-15652 post type-post status-publish format-standard has-post-thumbnail hentry category-noticias\">\n\t<div class=\"article-inner\">\n\t\t\t\t\t<header class=\"entry-header\">\n\t\t\t\t\t\t\t\t\t<figure id=\"carousel-824\" class=\"entry-thumbnail\">\n\t\t\t\t\t\t\n\t\t\t\t\t\t\t<div class=\"post-img-wrapp\">\n\t\t\t\t\t\t\t\t<a href=\"https:\/\/www.amanecer.org.co\/2026\/03\/03\/mujeres-agricultoras-desarrollo-rural\/\">\n\t\t\t\t\t\t\t\t\t<img width=\"2560\" height=\"1714\" src=\"https:\/\/www.amanecer.org.co\/wp-content\/uploads\/2026\/03\/pexels-artiagarwal-2880741-scaled.jpg\" class=\"attachment-large size-large\" alt=\"\" decoding=\"async\" srcset=\"https:\/\/www.amanecer.org.co\/wp-content\/uploads\/2026\/03\/pexels-artiagarwal-2880741-scaled.jpg 2560w, https:\/\/www.amanecer.org.co\/wp-content\/uploads\/2026\/03\/pexels-artiagarwal-2880741-768x514.jpg 768w, https:\/\/www.amanecer.org.co\/wp-content\/uploads\/2026\/03\/pexels-artiagarwal-2880741-1536x1028.jpg 1536w, https:\/\/www.amanecer.org.co\/wp-content\/uploads\/2026\/03\/pexels-artiagarwal-2880741-2048x1371.jpg 2048w, https:\/\/www.amanecer.org.co\/wp-content\/uploads\/2026\/03\/pexels-artiagarwal-2880741-scaled-300x200.jpg 300w\" sizes=\"(max-width: 2560px) 100vw, 2560px\" \/>\t\t\t\t\t\t\t\t<\/a>\n\t\t\t\t\t\t\t<\/div>\n\t\t\t\t\t\t\t<div class=\"post-image-mask\">\n\t\t\t\t\t\t\t\t<span><\/span>\n\t\t\t\t\t\t\t<\/div>\n\n\t\t\t\t\t\t\n\t\t\t\t\t<\/figure>\n\t\t\t\t\n\t\t\t\t\t\t\t\t\t\t\t\t<div class=\"post-date wd-post-date wd-style-with-bg\">\n\t\t\t\t<span class=\"post-date-day\">\n\t\t\t\t\t03\t\t\t\t<\/span>\n\t\t\t\t<span class=\"post-date-month\">\n\t\t\t\t\tMar\t\t\t\t<\/span>\n\t\t\t<\/div>\n\t\t\t\t\t\t\n\t\t\t<\/header><!-- .entry-header -->\n\n\t\t<div class=\"article-body-container\">\n\t\t\t\n\t\t\t\t\n\t\t\t\t\t\t\t\t\t<h3 class=\"wd-entities-title title post-title\">\n\t\t\t\t\t\t<a href=\"https:\/\/www.amanecer.org.co\/2026\/03\/03\/mujeres-agricultoras-desarrollo-rural\/\" rel=\"bookmark\">Mujeres agricultoras: protagonistas invisibles del campo colombiano<\/a>\n\t\t\t\t\t<\/h3>\n\t\t\t\t\n\t\t\t\t\t\t\t\n\t\t\t\t\t\t\t\n\t\t\t\t                    <div class=\"entry-content wd-entry-content\">\n\t\t\t\t\t\t\nEn la extensa Orinoqu\u00eda y en las tierras altas del centro del pa\u00eds \u2014Boyac\u00e1 y Cundinamarca\u2014, las mujeres rurales son mo...\n\t\t\t\t\t\t\t\t\t\t\t<\/div><!-- .entry-content -->\n\t\t\t\t\n\t\t\t\t\t\t\t\n\t\t\t\n\t\t\t\t\t<\/div>\n\t<\/div>\n<\/article><!-- #post -->\n\n\n\t\t\t\t\t\n\t\t\t\t\t","status":"have-posts","nextPage":"https:\/\/www.amanecer.org.co\/noticias\/page\/3\/?woo_ajax=1","currentPage":"https:\/\/www.amanecer.org.co\/noticias\/page\/2"}