
			
				

					
				

			
		{"items":"\n\t\t\t\t\t\t\t\t\t\t\t\n<article id=\"post-15604\" class=\"wd-post blog-design-chess blog-post-loop blog-design-small-images blog-style-bg wd-add-shadow wd-col post-15604 post type-post status-publish format-standard has-post-thumbnail hentry category-noticias\">\n\t<div class=\"article-inner\">\n\t\t\t\t\t<header class=\"entry-header\">\n\t\t\t\t\t\t\t\t\t<figure id=\"carousel-588\" class=\"entry-thumbnail\">\n\t\t\t\t\t\t\n\t\t\t\t\t\t\t<div class=\"post-img-wrapp\">\n\t\t\t\t\t\t\t\t<a href=\"https:\/\/www.amanecer.org.co\/2026\/02\/09\/por-que-cuidar-la-biodiversidad-tambien-es-invertir-en-las-personas-orinoquia\/\">\n\t\t\t\t\t\t\t\t\t<img width=\"1920\" height=\"1080\" src=\"https:\/\/www.amanecer.org.co\/wp-content\/uploads\/2026\/02\/Diseno-sin-titulo.jpg\" class=\"attachment-large size-large\" alt=\"\" decoding=\"async\" srcset=\"https:\/\/www.amanecer.org.co\/wp-content\/uploads\/2026\/02\/Diseno-sin-titulo.jpg 1920w, https:\/\/www.amanecer.org.co\/wp-content\/uploads\/2026\/02\/Diseno-sin-titulo-768x432.jpg 768w, https:\/\/www.amanecer.org.co\/wp-content\/uploads\/2026\/02\/Diseno-sin-titulo-1536x864.jpg 1536w\" sizes=\"(max-width: 1920px) 100vw, 1920px\" \/>\t\t\t\t\t\t\t\t<\/a>\n\t\t\t\t\t\t\t<\/div>\n\t\t\t\t\t\t\t<div class=\"post-image-mask\">\n\t\t\t\t\t\t\t\t<span><\/span>\n\t\t\t\t\t\t\t<\/div>\n\n\t\t\t\t\t\t\n\t\t\t\t\t<\/figure>\n\t\t\t\t\n\t\t\t\t\t\t\t\t\t\t\t\t<div class=\"post-date wd-post-date wd-style-with-bg\">\n\t\t\t\t<span class=\"post-date-day\">\n\t\t\t\t\t09\t\t\t\t<\/span>\n\t\t\t\t<span class=\"post-date-month\">\n\t\t\t\t\tFeb\t\t\t\t<\/span>\n\t\t\t<\/div>\n\t\t\t\t\t\t\n\t\t\t<\/header><!-- .entry-header -->\n\n\t\t<div class=\"article-body-container\">\n\t\t\t\n\t\t\t\t\n\t\t\t\t\t\t\t\t\t<h3 class=\"wd-entities-title title post-title\">\n\t\t\t\t\t\t<a href=\"https:\/\/www.amanecer.org.co\/2026\/02\/09\/por-que-cuidar-la-biodiversidad-tambien-es-invertir-en-las-personas-orinoquia\/\" rel=\"bookmark\">\u00bfPor qu\u00e9 cuidar la biodiversidad tambi\u00e9n es invertir en las personas? Una mirada desde la Orinoqu\u00eda<\/a>\n\t\t\t\t\t<\/h3>\n\t\t\t\t\n\t\t\t\t\t\t\t\n\t\t\t\t\t\t\t\n\t\t\t\t                    <div class=\"entry-content wd-entry-content\">\n\t\t\t\t\t\t\nColombia es el segundo pa\u00eds m\u00e1s biodiverso del planeta, con miles de especies y ecosistemas que generan servicios ambi...\n\t\t\t\t\t\t\t\t\t\t\t<\/div><!-- .entry-content -->\n\t\t\t\t\n\t\t\t\t\t\t\t\n\t\t\t\n\t\t\t\t\t<\/div>\n\t<\/div>\n<\/article><!-- #post -->\n\n\n\t\t\t\t\t\t\t\t\t\t\t\n<article id=\"post-15599\" class=\"wd-post blog-design-chess blog-post-loop blog-design-small-images blog-style-bg wd-add-shadow wd-col post-15599 post type-post status-publish format-standard has-post-thumbnail hentry category-noticias\">\n\t<div class=\"article-inner\">\n\t\t\t\t\t<header class=\"entry-header\">\n\t\t\t\t\t\t\t\t\t<figure id=\"carousel-148\" class=\"entry-thumbnail\">\n\t\t\t\t\t\t\n\t\t\t\t\t\t\t<div class=\"post-img-wrapp\">\n\t\t\t\t\t\t\t\t<a href=\"https:\/\/www.amanecer.org.co\/2026\/02\/06\/mas-alla-de-la-filantropia-asociatividad-y-sostenibilidad-orinoquia\/\">\n\t\t\t\t\t\t\t\t\t<img width=\"2560\" height=\"1206\" src=\"https:\/\/www.amanecer.org.co\/wp-content\/uploads\/2026\/02\/NP_Llanos27_lo_5853938480-1-scaled.jpg\" class=\"attachment-large size-large\" alt=\"\" decoding=\"async\" srcset=\"https:\/\/www.amanecer.org.co\/wp-content\/uploads\/2026\/02\/NP_Llanos27_lo_5853938480-1-scaled.jpg 2560w, https:\/\/www.amanecer.org.co\/wp-content\/uploads\/2026\/02\/NP_Llanos27_lo_5853938480-1-768x362.jpg 768w, https:\/\/www.amanecer.org.co\/wp-content\/uploads\/2026\/02\/NP_Llanos27_lo_5853938480-1-1536x724.jpg 1536w, https:\/\/www.amanecer.org.co\/wp-content\/uploads\/2026\/02\/NP_Llanos27_lo_5853938480-1-2048x965.jpg 2048w\" sizes=\"(max-width: 2560px) 100vw, 2560px\" \/>\t\t\t\t\t\t\t\t<\/a>\n\t\t\t\t\t\t\t<\/div>\n\t\t\t\t\t\t\t<div class=\"post-image-mask\">\n\t\t\t\t\t\t\t\t<span><\/span>\n\t\t\t\t\t\t\t<\/div>\n\n\t\t\t\t\t\t\n\t\t\t\t\t<\/figure>\n\t\t\t\t\n\t\t\t\t\t\t\t\t\t\t\t\t<div class=\"post-date wd-post-date wd-style-with-bg\">\n\t\t\t\t<span class=\"post-date-day\">\n\t\t\t\t\t06\t\t\t\t<\/span>\n\t\t\t\t<span class=\"post-date-month\">\n\t\t\t\t\tFeb\t\t\t\t<\/span>\n\t\t\t<\/div>\n\t\t\t\t\t\t\n\t\t\t<\/header><!-- .entry-header -->\n\n\t\t<div class=\"article-body-container\">\n\t\t\t\n\t\t\t\t\n\t\t\t\t\t\t\t\t\t<h3 class=\"wd-entities-title title post-title\">\n\t\t\t\t\t\t<a href=\"https:\/\/www.amanecer.org.co\/2026\/02\/06\/mas-alla-de-la-filantropia-asociatividad-y-sostenibilidad-orinoquia\/\" rel=\"bookmark\">M\u00e1s all\u00e1 de la filantrop\u00eda: asociatividad y sostenibilidad en territorios biodiversos como la Orinoqu\u00eda<\/a>\n\t\t\t\t\t<\/h3>\n\t\t\t\t\n\t\t\t\t\t\t\t\n\t\t\t\t\t\t\t\n\t\t\t\t                    <div class=\"entry-content wd-entry-content\">\n\t\t\t\t\t\t\nLeer un reporte t\u00e9cnico sobre biodiversidad puede parecer lejano o acad\u00e9mico, pero en realidad contiene una verdad ese...\n\t\t\t\t\t\t\t\t\t\t\t<\/div><!-- .entry-content -->\n\t\t\t\t\n\t\t\t\t\t\t\t\n\t\t\t\n\t\t\t\t\t<\/div>\n\t<\/div>\n<\/article><!-- #post -->\n\n\n\t\t\t\t\t\t\t\t\t\t\t\n<article id=\"post-15595\" class=\"wd-post blog-design-chess blog-post-loop blog-design-small-images blog-style-bg wd-add-shadow wd-col post-15595 post type-post status-publish format-standard has-post-thumbnail hentry category-noticias\">\n\t<div class=\"article-inner\">\n\t\t\t\t\t<header class=\"entry-header\">\n\t\t\t\t\t\t\t\t\t<figure id=\"carousel-750\" class=\"entry-thumbnail\">\n\t\t\t\t\t\t\n\t\t\t\t\t\t\t<div class=\"post-img-wrapp\">\n\t\t\t\t\t\t\t\t<a href=\"https:\/\/www.amanecer.org.co\/2026\/02\/05\/salario-minimo-colombia-2026-aumento-oficial\/\">\n\t\t\t\t\t\t\t\t\t<img width=\"2560\" height=\"1711\" src=\"https:\/\/www.amanecer.org.co\/wp-content\/uploads\/2026\/02\/IMG_1804-scaled.jpg\" class=\"attachment-large size-large\" alt=\"\" decoding=\"async\" srcset=\"https:\/\/www.amanecer.org.co\/wp-content\/uploads\/2026\/02\/IMG_1804-scaled.jpg 2560w, https:\/\/www.amanecer.org.co\/wp-content\/uploads\/2026\/02\/IMG_1804-768x513.jpg 768w, https:\/\/www.amanecer.org.co\/wp-content\/uploads\/2026\/02\/IMG_1804-1536x1026.jpg 1536w, https:\/\/www.amanecer.org.co\/wp-content\/uploads\/2026\/02\/IMG_1804-2048x1368.jpg 2048w, https:\/\/www.amanecer.org.co\/wp-content\/uploads\/2026\/02\/IMG_1804-scaled-300x200.jpg 300w\" sizes=\"(max-width: 2560px) 100vw, 2560px\" \/>\t\t\t\t\t\t\t\t<\/a>\n\t\t\t\t\t\t\t<\/div>\n\t\t\t\t\t\t\t<div class=\"post-image-mask\">\n\t\t\t\t\t\t\t\t<span><\/span>\n\t\t\t\t\t\t\t<\/div>\n\n\t\t\t\t\t\t\n\t\t\t\t\t<\/figure>\n\t\t\t\t\n\t\t\t\t\t\t\t\t\t\t\t\t<div class=\"post-date wd-post-date wd-style-with-bg\">\n\t\t\t\t<span class=\"post-date-day\">\n\t\t\t\t\t05\t\t\t\t<\/span>\n\t\t\t\t<span class=\"post-date-month\">\n\t\t\t\t\tFeb\t\t\t\t<\/span>\n\t\t\t<\/div>\n\t\t\t\t\t\t\n\t\t\t<\/header><!-- .entry-header -->\n\n\t\t<div class=\"article-body-container\">\n\t\t\t\n\t\t\t\t\n\t\t\t\t\t\t\t\t\t<h3 class=\"wd-entities-title title post-title\">\n\t\t\t\t\t\t<a href=\"https:\/\/www.amanecer.org.co\/2026\/02\/05\/salario-minimo-colombia-2026-aumento-oficial\/\" rel=\"bookmark\">\u00bfQu\u00e9 significa el aumento del salario m\u00ednimo para los campesinos y microempresarios del territorio? Una reflexi\u00f3n necesaria<\/a>\n\t\t\t\t\t<\/h3>\n\t\t\t\t\n\t\t\t\t\t\t\t\n\t\t\t\t\t\t\t\n\t\t\t\t                    <div class=\"entry-content wd-entry-content\">\n\t\t\t\t\t\t\nEn Colombia, el salario m\u00ednimo tuvo un aumento cercano al 23 %. Para muchos trabajadores formales, esta noticia repres...\n\t\t\t\t\t\t\t\t\t\t\t<\/div><!-- .entry-content -->\n\t\t\t\t\n\t\t\t\t\t\t\t\n\t\t\t\n\t\t\t\t\t<\/div>\n\t<\/div>\n<\/article><!-- #post -->\n\n\n\t\t\t\t\t\t\t\t\t\t\t\n<article id=\"post-15591\" class=\"wd-post blog-design-chess blog-post-loop blog-design-small-images blog-style-bg wd-add-shadow wd-col post-15591 post type-post status-publish format-standard has-post-thumbnail hentry category-noticias\">\n\t<div class=\"article-inner\">\n\t\t\t\t\t<header class=\"entry-header\">\n\t\t\t\t\t\t\t\t\t<figure id=\"carousel-808\" class=\"entry-thumbnail\">\n\t\t\t\t\t\t\n\t\t\t\t\t\t\t<div class=\"post-img-wrapp\">\n\t\t\t\t\t\t\t\t<a href=\"https:\/\/www.amanecer.org.co\/2026\/01\/31\/conservacion-inclusiva-cuidar-la-naturaleza-y-a-las-personas\/\">\n\t\t\t\t\t\t\t\t\t<img width=\"800\" height=\"529\" src=\"https:\/\/www.amanecer.org.co\/wp-content\/uploads\/2026\/01\/IMG_0556.jpg\" class=\"attachment-large size-large\" alt=\"\" decoding=\"async\" srcset=\"https:\/\/www.amanecer.org.co\/wp-content\/uploads\/2026\/01\/IMG_0556.jpg 800w, https:\/\/www.amanecer.org.co\/wp-content\/uploads\/2026\/01\/IMG_0556-768x508.jpg 768w\" sizes=\"(max-width: 800px) 100vw, 800px\" \/>\t\t\t\t\t\t\t\t<\/a>\n\t\t\t\t\t\t\t<\/div>\n\t\t\t\t\t\t\t<div class=\"post-image-mask\">\n\t\t\t\t\t\t\t\t<span><\/span>\n\t\t\t\t\t\t\t<\/div>\n\n\t\t\t\t\t\t\n\t\t\t\t\t<\/figure>\n\t\t\t\t\n\t\t\t\t\t\t\t\t\t\t\t\t<div class=\"post-date wd-post-date wd-style-with-bg\">\n\t\t\t\t<span class=\"post-date-day\">\n\t\t\t\t\t31\t\t\t\t<\/span>\n\t\t\t\t<span class=\"post-date-month\">\n\t\t\t\t\tEne\t\t\t\t<\/span>\n\t\t\t<\/div>\n\t\t\t\t\t\t\n\t\t\t<\/header><!-- .entry-header -->\n\n\t\t<div class=\"article-body-container\">\n\t\t\t\n\t\t\t\t\n\t\t\t\t\t\t\t\t\t<h3 class=\"wd-entities-title title post-title\">\n\t\t\t\t\t\t<a href=\"https:\/\/www.amanecer.org.co\/2026\/01\/31\/conservacion-inclusiva-cuidar-la-naturaleza-y-a-las-personas\/\" rel=\"bookmark\">Conservaci\u00f3n inclusiva: cuando cuidar la naturaleza tambi\u00e9n significa cuidar a las personas<\/a>\n\t\t\t\t\t<\/h3>\n\t\t\t\t\n\t\t\t\t\t\t\t\n\t\t\t\t\t\t\t\n\t\t\t\t                    <div class=\"entry-content wd-entry-content\">\n\t\t\t\t\t\t\nHablar de conservaci\u00f3n en Colombia ya no puede limitarse a proteger \u00e1reas o especies.As\u00ed lo deja claro el Colombia Cou...\n\t\t\t\t\t\t\t\t\t\t\t<\/div><!-- .entry-content -->\n\t\t\t\t\n\t\t\t\t\t\t\t\n\t\t\t\n\t\t\t\t\t<\/div>\n\t<\/div>\n<\/article><!-- #post -->\n\n\n\t\t\t\t\t\t\t\t\t\t\t\n<article id=\"post-15585\" class=\"wd-post blog-design-chess blog-post-loop blog-design-small-images blog-style-bg wd-add-shadow wd-col post-15585 post type-post status-publish format-standard has-post-thumbnail hentry category-noticias\">\n\t<div class=\"article-inner\">\n\t\t\t\t\t<header class=\"entry-header\">\n\t\t\t\t\t\t\t\t\t<figure id=\"carousel-930\" class=\"entry-thumbnail\">\n\t\t\t\t\t\t\n\t\t\t\t\t\t\t<div class=\"post-img-wrapp\">\n\t\t\t\t\t\t\t\t<a href=\"https:\/\/www.amanecer.org.co\/2026\/01\/27\/la-tierra-que-adquiere-nombre-decreto-1392-desarrollo-territorial\/\">\n\t\t\t\t\t\t\t\t\t<img width=\"2560\" height=\"1711\" src=\"https:\/\/www.amanecer.org.co\/wp-content\/uploads\/2026\/01\/IMG_7245-1-scaled.jpg\" class=\"attachment-large size-large\" alt=\"\" decoding=\"async\" srcset=\"https:\/\/www.amanecer.org.co\/wp-content\/uploads\/2026\/01\/IMG_7245-1-scaled.jpg 2560w, https:\/\/www.amanecer.org.co\/wp-content\/uploads\/2026\/01\/IMG_7245-1-768x513.jpg 768w, https:\/\/www.amanecer.org.co\/wp-content\/uploads\/2026\/01\/IMG_7245-1-1536x1026.jpg 1536w, https:\/\/www.amanecer.org.co\/wp-content\/uploads\/2026\/01\/IMG_7245-1-2048x1368.jpg 2048w, https:\/\/www.amanecer.org.co\/wp-content\/uploads\/2026\/01\/IMG_7245-1-scaled-300x200.jpg 300w\" sizes=\"(max-width: 2560px) 100vw, 2560px\" \/>\t\t\t\t\t\t\t\t<\/a>\n\t\t\t\t\t\t\t<\/div>\n\t\t\t\t\t\t\t<div class=\"post-image-mask\">\n\t\t\t\t\t\t\t\t<span><\/span>\n\t\t\t\t\t\t\t<\/div>\n\n\t\t\t\t\t\t\n\t\t\t\t\t<\/figure>\n\t\t\t\t\n\t\t\t\t\t\t\t\t\t\t\t\t<div class=\"post-date wd-post-date wd-style-with-bg\">\n\t\t\t\t<span class=\"post-date-day\">\n\t\t\t\t\t27\t\t\t\t<\/span>\n\t\t\t\t<span class=\"post-date-month\">\n\t\t\t\t\tEne\t\t\t\t<\/span>\n\t\t\t<\/div>\n\t\t\t\t\t\t\n\t\t\t<\/header><!-- .entry-header -->\n\n\t\t<div class=\"article-body-container\">\n\t\t\t\n\t\t\t\t\n\t\t\t\t\t\t\t\t\t<h3 class=\"wd-entities-title title post-title\">\n\t\t\t\t\t\t<a href=\"https:\/\/www.amanecer.org.co\/2026\/01\/27\/la-tierra-que-adquiere-nombre-decreto-1392-desarrollo-territorial\/\" rel=\"bookmark\">La tierra que adquiere nombre: reflexi\u00f3n sobre el decreto 1392 y el desarrollo territorial en Colombia<\/a>\n\t\t\t\t\t<\/h3>\n\t\t\t\t\n\t\t\t\t\t\t\t\n\t\t\t\t\t\t\t\n\t\t\t\t                    <div class=\"entry-content wd-entry-content\">\n\t\t\t\t\t\t\nHace unos d\u00edas llam\u00f3 nuestra atenci\u00f3n una noticia que pas\u00f3 casi desapercibida: el Decreto 1392 del 22 de diciembre de ...\n\t\t\t\t\t\t\t\t\t\t\t<\/div><!-- .entry-content -->\n\t\t\t\t\n\t\t\t\t\t\t\t\n\t\t\t\n\t\t\t\t\t<\/div>\n\t<\/div>\n<\/article><!-- #post -->\n\n\n\t\t\t\t\t\t\t\t\t\t\t\n<article id=\"post-15581\" class=\"wd-post blog-design-chess blog-post-loop blog-design-small-images blog-style-bg wd-add-shadow wd-col post-15581 post type-post status-publish format-standard has-post-thumbnail hentry category-noticias\">\n\t<div class=\"article-inner\">\n\t\t\t\t\t<header class=\"entry-header\">\n\t\t\t\t\t\t\t\t\t<figure id=\"carousel-329\" class=\"entry-thumbnail\">\n\t\t\t\t\t\t\n\t\t\t\t\t\t\t<div class=\"post-img-wrapp\">\n\t\t\t\t\t\t\t\t<a href=\"https:\/\/www.amanecer.org.co\/2026\/01\/23\/inclusion-financiera-y-desarrollo-orinoquia\/\">\n\t\t\t\t\t\t\t\t\t<img width=\"2560\" height=\"1711\" src=\"https:\/\/www.amanecer.org.co\/wp-content\/uploads\/2026\/01\/IMG_7794-scaled.jpg\" class=\"attachment-large size-large\" alt=\"\" decoding=\"async\" srcset=\"https:\/\/www.amanecer.org.co\/wp-content\/uploads\/2026\/01\/IMG_7794-scaled.jpg 2560w, https:\/\/www.amanecer.org.co\/wp-content\/uploads\/2026\/01\/IMG_7794-768x513.jpg 768w, https:\/\/www.amanecer.org.co\/wp-content\/uploads\/2026\/01\/IMG_7794-1536x1026.jpg 1536w, https:\/\/www.amanecer.org.co\/wp-content\/uploads\/2026\/01\/IMG_7794-2048x1368.jpg 2048w, https:\/\/www.amanecer.org.co\/wp-content\/uploads\/2026\/01\/IMG_7794-scaled-300x200.jpg 300w\" sizes=\"(max-width: 2560px) 100vw, 2560px\" \/>\t\t\t\t\t\t\t\t<\/a>\n\t\t\t\t\t\t\t<\/div>\n\t\t\t\t\t\t\t<div class=\"post-image-mask\">\n\t\t\t\t\t\t\t\t<span><\/span>\n\t\t\t\t\t\t\t<\/div>\n\n\t\t\t\t\t\t\n\t\t\t\t\t<\/figure>\n\t\t\t\t\n\t\t\t\t\t\t\t\t\t\t\t\t<div class=\"post-date wd-post-date wd-style-with-bg\">\n\t\t\t\t<span class=\"post-date-day\">\n\t\t\t\t\t23\t\t\t\t<\/span>\n\t\t\t\t<span class=\"post-date-month\">\n\t\t\t\t\tEne\t\t\t\t<\/span>\n\t\t\t<\/div>\n\t\t\t\t\t\t\n\t\t\t<\/header><!-- .entry-header -->\n\n\t\t<div class=\"article-body-container\">\n\t\t\t\n\t\t\t\t\n\t\t\t\t\t\t\t\t\t<h3 class=\"wd-entities-title title post-title\">\n\t\t\t\t\t\t<a href=\"https:\/\/www.amanecer.org.co\/2026\/01\/23\/inclusion-financiera-y-desarrollo-orinoquia\/\" rel=\"bookmark\">M\u00e1s de 9 millones de hect\u00e1reas empiezan a existir: una reflexi\u00f3n sobre territorio, datos y desarrollo<\/a>\n\t\t\t\t\t<\/h3>\n\t\t\t\t\n\t\t\t\t\t\t\t\n\t\t\t\t\t\t\t\n\t\t\t\t                    <div class=\"entry-content wd-entry-content\">\n\t\t\t\t\t\t\nHace unos d\u00edas le\u00ed un post que me dej\u00f3 pensando: m\u00e1s de 9 millones de hect\u00e1reas de Territorios \u00c9tnicos Formalizados es...\n\t\t\t\t\t\t\t\t\t\t\t<\/div><!-- .entry-content -->\n\t\t\t\t\n\t\t\t\t\t\t\t\n\t\t\t\n\t\t\t\t\t<\/div>\n\t<\/div>\n<\/article><!-- #post -->\n\n\n\t\t\t\t\t\n\t\t\t\t\t","status":"have-posts","nextPage":"https:\/\/www.amanecer.org.co\/noticias\/page\/5\/?swcfpc=1&woo_ajax=1#038;woo_ajax=1","currentPage":"https:\/\/www.amanecer.org.co\/noticias\/page\/4"}